{"id":627,"date":"2015-05-06T20:09:23","date_gmt":"2015-05-06T18:09:23","guid":{"rendered":"https:\/\/www.brillen-mitte.berlin\/?p=627"},"modified":"2015-05-06T20:09:23","modified_gmt":"2015-05-06T18:09:23","slug":"das-brillenabo","status":"publish","type":"post","link":"https:\/\/www.brillen-mitte.berlin\/friedrichstrasse-en\/2015\/05\/06\/das-brillenabo\/","title":{"rendered":"Das Brillenabo"},"content":{"rendered":"<p><span style=\"color: #993366\">Machen Sie doch einfach mit!<\/span><br \/>\n<span style=\"color: #993366\"> G\u00f6nnen Sie sich schon jetzt eine neue Brille und zahlen diese erst sp\u00e4ter.<\/span><br \/>\n<span style=\"color: #993366\"> Gerne in 6, 12, 24 Monatsraten. Das sch\u00f6nste dabei: Zinsfrei und ohne Anzahlung.<\/span><br \/>\n<span style=\"color: #993366\"> Nutzen Sie dieses attraktive Angebot z.B. auch f\u00fcr Ihre Sonnen-, Gleitsicht-, Arbeits-, Lesebrille &#8230; oder Ihre Kontaktlinsen.\u00a0\u00dcbrigens: Dies gilt f\u00fcr alle Marken!<\/span><\/p>\n","protected":false},"excerpt":{"rendered":"<p>Machen Sie doch einfach mit! G\u00f6nnen Sie sich schon jetzt eine neue Brille und zahlen diese erst sp\u00e4ter. Gerne in 6, 12, 24 Monatsraten. Das sch\u00f6nste dabei: Zinsfrei und ohne&#8230;<\/p>\n","protected":false},"author":1,"featured_media":630,"comment_status":"closed","ping_status":"open","sticky":false,"template":"","format":"standard","meta":{"_acf_changed":false,"footnotes":""},"categories":[1],"tags":[],"class_list":["post-627","post","type-post","status-publish","format-standard","has-post-thumbnail","hentry","category-allgemein"],"acf":[],"yoast_head":"<!-- This site is optimized with the Yoast SEO plugin v27.5 - https:\/\/yoast.com\/product\/yoast-seo-wordpress\/ -->\n<title>Das Brillenabo - Brillen in Mitte \u2013 EN Friedrichstra\u00dfe<\/title>\n<meta name=\"robots\" content=\"index, follow, max-snippet:-1, max-image-preview:large, max-video-preview:-1\" \/>\n<link rel=\"canonical\" href=\"https:\/\/www.brillen-mitte.berlin\/friedrichstrasse-en\/2015\/05\/06\/das-brillenabo\/\" \/>\n<meta property=\"og:locale\" content=\"en_US\" \/>\n<meta property=\"og:type\" content=\"article\" \/>\n<meta property=\"og:title\" content=\"Das Brillenabo - Brillen in Mitte \u2013 EN Friedrichstra\u00dfe\" \/>\n<meta property=\"og:description\" content=\"Machen Sie doch einfach mit! G\u00f6nnen Sie sich schon jetzt eine neue Brille und zahlen diese erst sp\u00e4ter. Gerne in 6, 12, 24 Monatsraten. Das sch\u00f6nste dabei: Zinsfrei und ohne...\" \/>\n<meta property=\"og:url\" content=\"https:\/\/www.brillen-mitte.berlin\/friedrichstrasse-en\/2015\/05\/06\/das-brillenabo\/\" \/>\n<meta property=\"og:site_name\" content=\"Brillen in Mitte \u2013 EN Friedrichstra\u00dfe\" \/>\n<meta property=\"article:published_time\" content=\"2015-05-06T18:09:23+00:00\" \/>\n<meta property=\"og:image\" content=\"https:\/\/www.brillen-mitte.berlin\/friedrichstrasse-en\/wp-content\/uploads\/sites\/4\/2015\/05\/brillen-abo.png\" \/>\n\t<meta property=\"og:image:width\" content=\"183\" \/>\n\t<meta property=\"og:image:height\" content=\"183\" \/>\n\t<meta property=\"og:image:type\" content=\"image\/png\" \/>\n<meta name=\"author\" content=\"christian\" \/>\n<meta name=\"twitter:card\" content=\"summary_large_image\" \/>\n<meta name=\"twitter:label1\" content=\"Written by\" \/>\n\t<meta name=\"twitter:data1\" content=\"christian\" \/>\n<script type=\"application\/ld+json\" class=\"yoast-schema-graph\">{\"@context\":\"https:\\\/\\\/schema.org\",\"@graph\":[{\"@type\":\"Article\",\"@id\":\"https:\\\/\\\/www.brillen-mitte.berlin\\\/friedrichstrasse-en\\\/2015\\\/05\\\/06\\\/das-brillenabo\\\/#article\",\"isPartOf\":{\"@id\":\"https:\\\/\\\/www.brillen-mitte.berlin\\\/friedrichstrasse-en\\\/2015\\\/05\\\/06\\\/das-brillenabo\\\/\"},\"author\":{\"name\":\"christian\",\"@id\":\"https:\\\/\\\/www.brillen-mitte.berlin\\\/friedrichstrasse-en\\\/#\\\/schema\\\/person\\\/c593826d5b3753fc276b3fc7bd4e72ec\"},\"headline\":\"Das Brillenabo\",\"datePublished\":\"2015-05-06T18:09:23+00:00\",\"mainEntityOfPage\":{\"@id\":\"https:\\\/\\\/www.brillen-mitte.berlin\\\/friedrichstrasse-en\\\/2015\\\/05\\\/06\\\/das-brillenabo\\\/\"},\"wordCount\":58,\"image\":{\"@id\":\"https:\\\/\\\/www.brillen-mitte.berlin\\\/friedrichstrasse-en\\\/2015\\\/05\\\/06\\\/das-brillenabo\\\/#primaryimage\"},\"thumbnailUrl\":\"https:\\\/\\\/www.brillen-mitte.berlin\\\/friedrichstrasse-en\\\/wp-content\\\/uploads\\\/sites\\\/4\\\/2015\\\/05\\\/brillen-abo.png\",\"articleSection\":[\"Allgemein\"],\"inLanguage\":\"en-US\"},{\"@type\":\"WebPage\",\"@id\":\"https:\\\/\\\/www.brillen-mitte.berlin\\\/friedrichstrasse-en\\\/2015\\\/05\\\/06\\\/das-brillenabo\\\/\",\"url\":\"https:\\\/\\\/www.brillen-mitte.berlin\\\/friedrichstrasse-en\\\/2015\\\/05\\\/06\\\/das-brillenabo\\\/\",\"name\":\"Das Brillenabo - Brillen in Mitte \u2013 EN Friedrichstra\u00dfe\",\"isPartOf\":{\"@id\":\"https:\\\/\\\/www.brillen-mitte.berlin\\\/friedrichstrasse-en\\\/#website\"},\"primaryImageOfPage\":{\"@id\":\"https:\\\/\\\/www.brillen-mitte.berlin\\\/friedrichstrasse-en\\\/2015\\\/05\\\/06\\\/das-brillenabo\\\/#primaryimage\"},\"image\":{\"@id\":\"https:\\\/\\\/www.brillen-mitte.berlin\\\/friedrichstrasse-en\\\/2015\\\/05\\\/06\\\/das-brillenabo\\\/#primaryimage\"},\"thumbnailUrl\":\"https:\\\/\\\/www.brillen-mitte.berlin\\\/friedrichstrasse-en\\\/wp-content\\\/uploads\\\/sites\\\/4\\\/2015\\\/05\\\/brillen-abo.png\",\"datePublished\":\"2015-05-06T18:09:23+00:00\",\"author\":{\"@id\":\"https:\\\/\\\/www.brillen-mitte.berlin\\\/friedrichstrasse-en\\\/#\\\/schema\\\/person\\\/c593826d5b3753fc276b3fc7bd4e72ec\"},\"breadcrumb\":{\"@id\":\"https:\\\/\\\/www.brillen-mitte.berlin\\\/friedrichstrasse-en\\\/2015\\\/05\\\/06\\\/das-brillenabo\\\/#breadcrumb\"},\"inLanguage\":\"en-US\",\"potentialAction\":[{\"@type\":\"ReadAction\",\"target\":[\"https:\\\/\\\/www.brillen-mitte.berlin\\\/friedrichstrasse-en\\\/2015\\\/05\\\/06\\\/das-brillenabo\\\/\"]}]},{\"@type\":\"ImageObject\",\"inLanguage\":\"en-US\",\"@id\":\"https:\\\/\\\/www.brillen-mitte.berlin\\\/friedrichstrasse-en\\\/2015\\\/05\\\/06\\\/das-brillenabo\\\/#primaryimage\",\"url\":\"https:\\\/\\\/www.brillen-mitte.berlin\\\/friedrichstrasse-en\\\/wp-content\\\/uploads\\\/sites\\\/4\\\/2015\\\/05\\\/brillen-abo.png\",\"contentUrl\":\"https:\\\/\\\/www.brillen-mitte.berlin\\\/friedrichstrasse-en\\\/wp-content\\\/uploads\\\/sites\\\/4\\\/2015\\\/05\\\/brillen-abo.png\",\"width\":183,\"height\":183},{\"@type\":\"BreadcrumbList\",\"@id\":\"https:\\\/\\\/www.brillen-mitte.berlin\\\/friedrichstrasse-en\\\/2015\\\/05\\\/06\\\/das-brillenabo\\\/#breadcrumb\",\"itemListElement\":[{\"@type\":\"ListItem\",\"position\":1,\"name\":\"Startseite\",\"item\":\"https:\\\/\\\/www.brillen-mitte.berlin\\\/friedrichstrasse-en\\\/\"},{\"@type\":\"ListItem\",\"position\":2,\"name\":\"Das Brillenabo\"}]},{\"@type\":\"WebSite\",\"@id\":\"https:\\\/\\\/www.brillen-mitte.berlin\\\/friedrichstrasse-en\\\/#website\",\"url\":\"https:\\\/\\\/www.brillen-mitte.berlin\\\/friedrichstrasse-en\\\/\",\"name\":\"Brillen in Mitte \u2013 EN Friedrichstra\u00dfe\",\"description\":\"Augenoptik in Berlin-Mitte\",\"potentialAction\":[{\"@type\":\"SearchAction\",\"target\":{\"@type\":\"EntryPoint\",\"urlTemplate\":\"https:\\\/\\\/www.brillen-mitte.berlin\\\/friedrichstrasse-en\\\/?s={search_term_string}\"},\"query-input\":{\"@type\":\"PropertyValueSpecification\",\"valueRequired\":true,\"valueName\":\"search_term_string\"}}],\"inLanguage\":\"en-US\"},{\"@type\":\"Person\",\"@id\":\"https:\\\/\\\/www.brillen-mitte.berlin\\\/friedrichstrasse-en\\\/#\\\/schema\\\/person\\\/c593826d5b3753fc276b3fc7bd4e72ec\",\"name\":\"christian\",\"image\":{\"@type\":\"ImageObject\",\"inLanguage\":\"en-US\",\"@id\":\"https:\\\/\\\/secure.gravatar.com\\\/avatar\\\/282a55c9b5cbda61f78cc7944a03e5968ad81a80be209db69eadbbc5b399592e?s=96&d=mm&r=g\",\"url\":\"https:\\\/\\\/secure.gravatar.com\\\/avatar\\\/282a55c9b5cbda61f78cc7944a03e5968ad81a80be209db69eadbbc5b399592e?s=96&d=mm&r=g\",\"contentUrl\":\"https:\\\/\\\/secure.gravatar.com\\\/avatar\\\/282a55c9b5cbda61f78cc7944a03e5968ad81a80be209db69eadbbc5b399592e?s=96&d=mm&r=g\",\"caption\":\"christian\"},\"url\":\"https:\\\/\\\/www.brillen-mitte.berlin\\\/friedrichstrasse-en\\\/author\\\/christian\\\/\"}]}<\/script>\n<!-- \/ Yoast SEO plugin. -->","yoast_head_json":{"title":"Das Brillenabo - Brillen in Mitte \u2013 EN Friedrichstra\u00dfe","robots":{"index":"index","follow":"follow","max-snippet":"max-snippet:-1","max-image-preview":"max-image-preview:large","max-video-preview":"max-video-preview:-1"},"canonical":"https:\/\/www.brillen-mitte.berlin\/friedrichstrasse-en\/2015\/05\/06\/das-brillenabo\/","og_locale":"en_US","og_type":"article","og_title":"Das Brillenabo - Brillen in Mitte \u2013 EN Friedrichstra\u00dfe","og_description":"Machen Sie doch einfach mit! G\u00f6nnen Sie sich schon jetzt eine neue Brille und zahlen diese erst sp\u00e4ter. Gerne in 6, 12, 24 Monatsraten. Das sch\u00f6nste dabei: Zinsfrei und ohne...","og_url":"https:\/\/www.brillen-mitte.berlin\/friedrichstrasse-en\/2015\/05\/06\/das-brillenabo\/","og_site_name":"Brillen in Mitte \u2013 EN Friedrichstra\u00dfe","article_published_time":"2015-05-06T18:09:23+00:00","og_image":[{"width":183,"height":183,"url":"https:\/\/www.brillen-mitte.berlin\/friedrichstrasse-en\/wp-content\/uploads\/sites\/4\/2015\/05\/brillen-abo.png","type":"image\/png"}],"author":"christian","twitter_card":"summary_large_image","twitter_misc":{"Written by":"christian"},"schema":{"@context":"https:\/\/schema.org","@graph":[{"@type":"Article","@id":"https:\/\/www.brillen-mitte.berlin\/friedrichstrasse-en\/2015\/05\/06\/das-brillenabo\/#article","isPartOf":{"@id":"https:\/\/www.brillen-mitte.berlin\/friedrichstrasse-en\/2015\/05\/06\/das-brillenabo\/"},"author":{"name":"christian","@id":"https:\/\/www.brillen-mitte.berlin\/friedrichstrasse-en\/#\/schema\/person\/c593826d5b3753fc276b3fc7bd4e72ec"},"headline":"Das Brillenabo","datePublished":"2015-05-06T18:09:23+00:00","mainEntityOfPage":{"@id":"https:\/\/www.brillen-mitte.berlin\/friedrichstrasse-en\/2015\/05\/06\/das-brillenabo\/"},"wordCount":58,"image":{"@id":"https:\/\/www.brillen-mitte.berlin\/friedrichstrasse-en\/2015\/05\/06\/das-brillenabo\/#primaryimage"},"thumbnailUrl":"https:\/\/www.brillen-mitte.berlin\/friedrichstrasse-en\/wp-content\/uploads\/sites\/4\/2015\/05\/brillen-abo.png","articleSection":["Allgemein"],"inLanguage":"en-US"},{"@type":"WebPage","@id":"https:\/\/www.brillen-mitte.berlin\/friedrichstrasse-en\/2015\/05\/06\/das-brillenabo\/","url":"https:\/\/www.brillen-mitte.berlin\/friedrichstrasse-en\/2015\/05\/06\/das-brillenabo\/","name":"Das Brillenabo - Brillen in Mitte \u2013 EN Friedrichstra\u00dfe","isPartOf":{"@id":"https:\/\/www.brillen-mitte.berlin\/friedrichstrasse-en\/#website"},"primaryImageOfPage":{"@id":"https:\/\/www.brillen-mitte.berlin\/friedrichstrasse-en\/2015\/05\/06\/das-brillenabo\/#primaryimage"},"image":{"@id":"https:\/\/www.brillen-mitte.berlin\/friedrichstrasse-en\/2015\/05\/06\/das-brillenabo\/#primaryimage"},"thumbnailUrl":"https:\/\/www.brillen-mitte.berlin\/friedrichstrasse-en\/wp-content\/uploads\/sites\/4\/2015\/05\/brillen-abo.png","datePublished":"2015-05-06T18:09:23+00:00","author":{"@id":"https:\/\/www.brillen-mitte.berlin\/friedrichstrasse-en\/#\/schema\/person\/c593826d5b3753fc276b3fc7bd4e72ec"},"breadcrumb":{"@id":"https:\/\/www.brillen-mitte.berlin\/friedrichstrasse-en\/2015\/05\/06\/das-brillenabo\/#breadcrumb"},"inLanguage":"en-US","potentialAction":[{"@type":"ReadAction","target":["https:\/\/www.brillen-mitte.berlin\/friedrichstrasse-en\/2015\/05\/06\/das-brillenabo\/"]}]},{"@type":"ImageObject","inLanguage":"en-US","@id":"https:\/\/www.brillen-mitte.berlin\/friedrichstrasse-en\/2015\/05\/06\/das-brillenabo\/#primaryimage","url":"https:\/\/www.brillen-mitte.berlin\/friedrichstrasse-en\/wp-content\/uploads\/sites\/4\/2015\/05\/brillen-abo.png","contentUrl":"https:\/\/www.brillen-mitte.berlin\/friedrichstrasse-en\/wp-content\/uploads\/sites\/4\/2015\/05\/brillen-abo.png","width":183,"height":183},{"@type":"BreadcrumbList","@id":"https:\/\/www.brillen-mitte.berlin\/friedrichstrasse-en\/2015\/05\/06\/das-brillenabo\/#breadcrumb","itemListElement":[{"@type":"ListItem","position":1,"name":"Startseite","item":"https:\/\/www.brillen-mitte.berlin\/friedrichstrasse-en\/"},{"@type":"ListItem","position":2,"name":"Das Brillenabo"}]},{"@type":"WebSite","@id":"https:\/\/www.brillen-mitte.berlin\/friedrichstrasse-en\/#website","url":"https:\/\/www.brillen-mitte.berlin\/friedrichstrasse-en\/","name":"Brillen in Mitte \u2013 EN Friedrichstra\u00dfe","description":"Augenoptik in Berlin-Mitte","potentialAction":[{"@type":"SearchAction","target":{"@type":"EntryPoint","urlTemplate":"https:\/\/www.brillen-mitte.berlin\/friedrichstrasse-en\/?s={search_term_string}"},"query-input":{"@type":"PropertyValueSpecification","valueRequired":true,"valueName":"search_term_string"}}],"inLanguage":"en-US"},{"@type":"Person","@id":"https:\/\/www.brillen-mitte.berlin\/friedrichstrasse-en\/#\/schema\/person\/c593826d5b3753fc276b3fc7bd4e72ec","name":"christian","image":{"@type":"ImageObject","inLanguage":"en-US","@id":"https:\/\/secure.gravatar.com\/avatar\/282a55c9b5cbda61f78cc7944a03e5968ad81a80be209db69eadbbc5b399592e?s=96&d=mm&r=g","url":"https:\/\/secure.gravatar.com\/avatar\/282a55c9b5cbda61f78cc7944a03e5968ad81a80be209db69eadbbc5b399592e?s=96&d=mm&r=g","contentUrl":"https:\/\/secure.gravatar.com\/avatar\/282a55c9b5cbda61f78cc7944a03e5968ad81a80be209db69eadbbc5b399592e?s=96&d=mm&r=g","caption":"christian"},"url":"https:\/\/www.brillen-mitte.berlin\/friedrichstrasse-en\/author\/christian\/"}]}},"_links":{"self":[{"href":"https:\/\/www.brillen-mitte.berlin\/friedrichstrasse-en\/wp-json\/wp\/v2\/posts\/627","targetHints":{"allow":["GET"]}}],"collection":[{"href":"https:\/\/www.brillen-mitte.berlin\/friedrichstrasse-en\/wp-json\/wp\/v2\/posts"}],"about":[{"href":"https:\/\/www.brillen-mitte.berlin\/friedrichstrasse-en\/wp-json\/wp\/v2\/types\/post"}],"author":[{"embeddable":true,"href":"https:\/\/www.brillen-mitte.berlin\/friedrichstrasse-en\/wp-json\/wp\/v2\/users\/1"}],"replies":[{"embeddable":true,"href":"https:\/\/www.brillen-mitte.berlin\/friedrichstrasse-en\/wp-json\/wp\/v2\/comments?post=627"}],"version-history":[{"count":0,"href":"https:\/\/www.brillen-mitte.berlin\/friedrichstrasse-en\/wp-json\/wp\/v2\/posts\/627\/revisions"}],"wp:featuredmedia":[{"embeddable":true,"href":"https:\/\/www.brillen-mitte.berlin\/friedrichstrasse-en\/wp-json\/wp\/v2\/media\/630"}],"wp:attachment":[{"href":"https:\/\/www.brillen-mitte.berlin\/friedrichstrasse-en\/wp-json\/wp\/v2\/media?parent=627"}],"wp:term":[{"taxonomy":"category","embeddable":true,"href":"https:\/\/www.brillen-mitte.berlin\/friedrichstrasse-en\/wp-json\/wp\/v2\/categories?post=627"},{"taxonomy":"post_tag","embeddable":true,"href":"https:\/\/www.brillen-mitte.berlin\/friedrichstrasse-en\/wp-json\/wp\/v2\/tags?post=627"}],"curies":[{"name":"wp","href":"https:\/\/api.w.org\/{rel}","templated":true}]}}